{"id":155,"date":"2017-07-08T08:36:00","date_gmt":"2017-07-08T06:36:00","guid":{"rendered":"http:\/\/localhost\/psk\/wordpress\/2017\/07\/08\/herbstlehrgang-vielseitigkeit-online\/"},"modified":"2017-07-08T08:36:00","modified_gmt":"2017-07-08T06:36:00","slug":"herbstlehrgang-vielseitigkeit-online","status":"publish","type":"post","link":"https:\/\/psk-stuttgart-esslingen.de\/psk_wp\/2017\/07\/08\/herbstlehrgang-vielseitigkeit-online\/","title":{"rendered":"Herbstlehrgang Vielseitigkeit online"},"content":{"rendered":"<p><strong>Die Lehrg\u00e4nge sind jetzt im Portal buchbar.<\/strong><\/p>\n<p>Schon im M\u00e4rz diesen Jahres konnte er 27 J\u00e4hrige, in Verviers geborene Belgier Julien alleReiter beim Indoor Lehrgang in Neuffen mehr als begeistern. Julien hat zwei Jahre bei Vielseitigkeitskollege und Trainer Andreas Ostholt gearbeitet- sammelte dann<\/p>\n<p>weitere 2 Jahre Erfahrungen im Dressurstall bei Christoph Koschel, bevor er sich in Lienen selbst\u00e4ndig gemacht hat. Noch heute trainiert und arbeitet er erfolgreich mit Andreas Ostholt.<\/p>\n<p>Zu einer ordentlichen Vielseitigkeit geh\u00f6rt neben dem Gel\u00e4nde auch die Dressur und das Parcoursspringen. Daher bieten wir in diesem Lehrgang alle drei Komponenten an.<\/p>\n<p>Tag 1 und die Tage 2+3 k\u00f6nnen aber auch unabh\u00e4ngig voneinander gebucht werden, um wirklich allen Interessierten die Chance zu geben mit Julien zu trainieren.&nbsp; Die Pl\u00e4tze an Tag 1 sind limitiert, da die Dressureinheiten zeitintensiver sind und Einzeln geritten werden.<br \/>&nbsp;<\/p>\n<p>Lehrgangsbeschreibung:<\/p>\n<p>An Tag 1 findet der Lehrgang in der Halle (Dressur) oder auf dem Au\u00dfenplatz&nbsp; (Springen) statt.<\/p>\n<p>F\u00fcr das Parcoursspringen sind Gruppen von max. 4 Teilnehmern geplant, die Gruppen werden m\u00f6glichst nach Leistungskriterien zusammengestellt.<\/p>\n<p>Der Dressurunterricht findet einzeln statt (Einheit \/ 30 min) \u2013 der n\u00e4chste Reiter kann sich parallel in der Halle vorbereiten.<\/p>\n<p>An Tag 2+3 geht es auf die Neuffener Gel\u00e4ndestrecke. Ge\u00fcbt wird das Reiten gel\u00e4ndetypischer Anforderungen, d.h.<\/p>\n<p>u.a. taktisches Reiten von Gel\u00e4ndespr\u00fcngen, Distanzen, schr\u00e4ge Spr\u00fcnge, schmale Spr\u00fcnge \u00fcber festes Hindernismaterial sowie Wasserkomponenten.<\/p>\n<p>Da die Nachfrage beim letzten Lehrgang sehr gro\u00df war bieten wir auch dieses mal wieder eine \u201eSchnupperstunde\u201c im Gel\u00e4nde an.<\/p>\n<p>Die Lehrg\u00e4nge sind jetzt im Portal buchbar.<\/p>\n","protected":false},"excerpt":{"rendered":"<p>Die Lehrg\u00e4nge sind jetzt im Portal buchbar. Schon im M\u00e4rz diesen Jahres konnte er 27 J\u00e4hrige, in Verviers geborene Belgier Julien alleReiter beim Indoor Lehrgang in Neuffen mehr als begeistern. Julien hat zwei Jahre bei Vielseitigkeitskollege und Trainer Andreas Ostholt gearbeitet- sammelte dann weitere 2 Jahre Erfahrungen im Dressurstall bei Christoph Koschel, bevor er sich [&hellip;]<\/p>\n","protected":false},"author":1,"featured_media":0,"comment_status":"open","ping_status":"open","sticky":false,"template":"","format":"standard","meta":{"_et_pb_use_builder":"","_et_pb_old_content":"","_et_gb_content_width":"","footnotes":""},"categories":[19],"tags":[],"class_list":["post-155","post","type-post","status-publish","format-standard","hentry","category-archiv"],"_links":{"self":[{"href":"https:\/\/psk-stuttgart-esslingen.de\/psk_wp\/wp-json\/wp\/v2\/posts\/155","targetHints":{"allow":["GET"]}}],"collection":[{"href":"https:\/\/psk-stuttgart-esslingen.de\/psk_wp\/wp-json\/wp\/v2\/posts"}],"about":[{"href":"https:\/\/psk-stuttgart-esslingen.de\/psk_wp\/wp-json\/wp\/v2\/types\/post"}],"author":[{"embeddable":true,"href":"https:\/\/psk-stuttgart-esslingen.de\/psk_wp\/wp-json\/wp\/v2\/users\/1"}],"replies":[{"embeddable":true,"href":"https:\/\/psk-stuttgart-esslingen.de\/psk_wp\/wp-json\/wp\/v2\/comments?post=155"}],"version-history":[{"count":0,"href":"https:\/\/psk-stuttgart-esslingen.de\/psk_wp\/wp-json\/wp\/v2\/posts\/155\/revisions"}],"wp:attachment":[{"href":"https:\/\/psk-stuttgart-esslingen.de\/psk_wp\/wp-json\/wp\/v2\/media?parent=155"}],"wp:term":[{"taxonomy":"category","embeddable":true,"href":"https:\/\/psk-stuttgart-esslingen.de\/psk_wp\/wp-json\/wp\/v2\/categories?post=155"},{"taxonomy":"post_tag","embeddable":true,"href":"https:\/\/psk-stuttgart-esslingen.de\/psk_wp\/wp-json\/wp\/v2\/tags?post=155"}],"curies":[{"name":"wp","href":"https:\/\/api.w.org\/{rel}","templated":true}]}}