{"id":156,"date":"2017-09-14T19:13:00","date_gmt":"2017-09-14T17:13:00","guid":{"rendered":"http:\/\/localhost\/psk\/wordpress\/2017\/09\/14\/bericht-zum-vielseitigkeitslehrgang-mit-julien-despontin-september-2017\/"},"modified":"2017-09-14T19:13:00","modified_gmt":"2017-09-14T17:13:00","slug":"bericht-zum-vielseitigkeitslehrgang-mit-julien-despontin-september-2017","status":"publish","type":"post","link":"https:\/\/psk-stuttgart-esslingen.de\/psk_wp\/2017\/09\/14\/bericht-zum-vielseitigkeitslehrgang-mit-julien-despontin-september-2017\/","title":{"rendered":"Bericht zum Vielseitigkeitslehrgang mit Julien Despontin \u2013 September 2017"},"content":{"rendered":"<p>Zum zweiten Mal in diesem Jahr konnten wir Julien Despontin f\u00fcr einen Lehrgang auf der Anlage des Reit-und Fahrverein Neuffen, sowie der Neuffener Gel\u00e4ndestrecke \u201eViehweide\u201c mit insgesamt fast 30 Reiterinnen gewinnen.<\/p>\n<p>&nbsp;\u00dcber drei Tage hinweg wurde mit viel Geduld, Ruhe und wertvollen Tipps an der dressurm\u00e4\u00dfigen Feinabstimmung zwischen Pferd &amp; Reiter gearbeitet sowie korrektes, faires und harmonisches Reiten am Sprung &#8211; im Parcours, aber vor allem nat\u00fcrlich auch \u201eim Busch\u201c ge\u00fcbt. Das sehr anspruchsvolle Gel\u00e4nde in Neuffen, welches mit viel Engagement und Liebe zur Vielseitigkeit nach einer l\u00e4ngeren Pause wieder \u201eauferweckt\u201c wurde, hat nicht nur den Reitern viel Konzentration abverlangt \u2013 auch die Pferde konnten sich hier unter Beweis stellen. Mit seiner ruhigen, motivierenden und sehr humorvollen Art hat Julien es geschafft jedes \u201ePferd-Reiter-Team\u201c mit Mut und Sicherheit, \u00fcber einen dem Leistungsstand angemessenen Kurs zu schicken\u2026es sind alle heil angekommen! &nbsp;<\/p>\n<p>Ganz herzlich bedanken m\u00f6chten wir uns bei Familie M\u00fcnzenmaier und Christa Fahrner, ohne die dieser Lehrgang nicht h\u00e4tte stattfinden k\u00f6nnen &#8211; sowie dem Reit- und Fahrverein Neuffen und all den \u201eHelferlein\u201c die im Hintergrund so flei\u00dfig unterst\u00fctzen!<\/p>\n<p>\u2026und nat\u00fcrlich ein gro\u00dfes Dankesch\u00f6n an Julien, den hier glaub ich jeder ins Herz geschlossen hat!<\/p>\n<p>Wir freuen uns auf das n\u00e4chste Jahr!&nbsp;&nbsp;&nbsp;&nbsp;&nbsp;&nbsp;&nbsp;&nbsp;&nbsp;&nbsp;&nbsp;&nbsp;&nbsp;&nbsp;&nbsp;&nbsp;&nbsp;&nbsp;&nbsp;&nbsp;&nbsp;&nbsp;&nbsp;&nbsp;&nbsp;&nbsp;&nbsp;&nbsp;&nbsp;&nbsp;&nbsp;&nbsp;&nbsp;&nbsp;&nbsp;&nbsp;&nbsp;&nbsp;&nbsp;&nbsp;&nbsp;&nbsp;&nbsp;&nbsp;&nbsp;&nbsp;&nbsp;&nbsp;&nbsp;&nbsp;&nbsp;&nbsp;&nbsp;&nbsp;&nbsp;&nbsp;&nbsp;&nbsp;&nbsp;&nbsp;&nbsp;&nbsp;&nbsp;&nbsp;&nbsp;&nbsp;&nbsp;&nbsp;&nbsp;&nbsp;&nbsp;&nbsp;&nbsp;&nbsp;&nbsp; IH<\/p>\n<p>&nbsp;<\/p>\n","protected":false},"excerpt":{"rendered":"<p>Zum zweiten Mal in diesem Jahr konnten wir Julien Despontin f\u00fcr einen Lehrgang auf der Anlage des Reit-und Fahrverein Neuffen, sowie der Neuffener Gel\u00e4ndestrecke \u201eViehweide\u201c mit insgesamt fast 30 Reiterinnen gewinnen. &nbsp;\u00dcber drei Tage hinweg wurde mit viel Geduld, Ruhe und wertvollen Tipps an der dressurm\u00e4\u00dfigen Feinabstimmung zwischen Pferd &amp; Reiter gearbeitet sowie korrektes, faires [&hellip;]<\/p>\n","protected":false},"author":1,"featured_media":0,"comment_status":"open","ping_status":"open","sticky":false,"template":"","format":"standard","meta":{"_et_pb_use_builder":"","_et_pb_old_content":"","_et_gb_content_width":"","footnotes":""},"categories":[19],"tags":[],"class_list":["post-156","post","type-post","status-publish","format-standard","hentry","category-archiv"],"_links":{"self":[{"href":"https:\/\/psk-stuttgart-esslingen.de\/psk_wp\/wp-json\/wp\/v2\/posts\/156","targetHints":{"allow":["GET"]}}],"collection":[{"href":"https:\/\/psk-stuttgart-esslingen.de\/psk_wp\/wp-json\/wp\/v2\/posts"}],"about":[{"href":"https:\/\/psk-stuttgart-esslingen.de\/psk_wp\/wp-json\/wp\/v2\/types\/post"}],"author":[{"embeddable":true,"href":"https:\/\/psk-stuttgart-esslingen.de\/psk_wp\/wp-json\/wp\/v2\/users\/1"}],"replies":[{"embeddable":true,"href":"https:\/\/psk-stuttgart-esslingen.de\/psk_wp\/wp-json\/wp\/v2\/comments?post=156"}],"version-history":[{"count":0,"href":"https:\/\/psk-stuttgart-esslingen.de\/psk_wp\/wp-json\/wp\/v2\/posts\/156\/revisions"}],"wp:attachment":[{"href":"https:\/\/psk-stuttgart-esslingen.de\/psk_wp\/wp-json\/wp\/v2\/media?parent=156"}],"wp:term":[{"taxonomy":"category","embeddable":true,"href":"https:\/\/psk-stuttgart-esslingen.de\/psk_wp\/wp-json\/wp\/v2\/categories?post=156"},{"taxonomy":"post_tag","embeddable":true,"href":"https:\/\/psk-stuttgart-esslingen.de\/psk_wp\/wp-json\/wp\/v2\/tags?post=156"}],"curies":[{"name":"wp","href":"https:\/\/api.w.org\/{rel}","templated":true}]}}