{"id":158,"date":"2017-09-18T12:38:00","date_gmt":"2017-09-18T10:38:00","guid":{"rendered":"http:\/\/localhost\/psk\/wordpress\/2017\/09\/18\/zeiteinteilung-training-mittwoch-20-september-2017\/"},"modified":"2017-09-18T12:38:00","modified_gmt":"2017-09-18T10:38:00","slug":"zeiteinteilung-training-mittwoch-20-september-2017","status":"publish","type":"post","link":"https:\/\/psk-stuttgart-esslingen.de\/psk_wp\/2017\/09\/18\/zeiteinteilung-training-mittwoch-20-september-2017\/","title":{"rendered":"Zeiteinteilung Training Mittwoch, 20.September 2017"},"content":{"rendered":"<p><span>Hallo Zusammen,<\/span><\/p>\n<p><span> <br \/><\/span><\/p>\n<p><span>Anbei die Zeiteinteilung f\u00fcr das Vorbereitungstraining zur <strong>Pr\u00fcfung #11 Stilspringpr\u00fcfung Kl.A* mit Stechen mit festen Hindernissen <\/strong>bei den Bezirksmeisterschaften 2017 in K\u00f6ngen.<\/span><\/p>\n<p><span> <br \/><\/span><\/p>\n<ul>\n<ul>\n<li><span>Datum: <strong>Mittwoch, 20.September 2017<\/strong><\/span><\/li>\n<\/ul>\n<\/ul>\n<ul>\n<ul>\n<li><span>Betreut wird das Training von unserem PSK Beauftragten Vielseitigkeit, <strong>Klaus Bauer<\/strong><\/span><\/li>\n<\/ul>\n<\/ul>\n<ul>\n<ul>\n<li><span>Den Unkostenbeitrag von <strong>20\u20ac \/ pro Pferd<\/strong> bitte direkt vor Ort bei Klaus Bauer bezahlen<\/span><\/li>\n<\/ul>\n<\/ul>\n<p><span><span>Bei Fragen stehen wir telefonisch zur Verf\u00fcgung: <span>Ines 0179 789 50 70 \/\/ Klaus 0157 522 42 886<\/span><\/span><\/span><\/p>\n<p><span> <br \/><\/span><\/p>\n<table>\n<tbody>\n<tr>\n<td colspan=\"5\">\n<p><strong><span><span>Training Vorbereitung BZM 2017<\/span><\/span><\/strong><\/p>\n<p><strong><span><span>Mittwoch, 20. Sept. 2017<\/span><\/span><\/strong><\/p>\n<\/td>\n<td>&nbsp;<\/td>\n<\/tr>\n<tr>\n<td>&nbsp;<\/td>\n<td>&nbsp;<\/td>\n<td>&nbsp;<\/td>\n<td>&nbsp;<\/td>\n<td>&nbsp;<\/td>\n<td>&nbsp;<\/td>\n<\/tr>\n<tr>\n<td>&nbsp;<\/td>\n<td>\n<p><strong><span><span>bez<\/span><\/span><\/strong><\/p>\n<\/td>\n<td>&nbsp;<\/td>\n<td>\n<p><strong><span><span>bez<\/span><\/span><\/strong><\/p>\n<\/td>\n<td>&nbsp;<\/td>\n<td>\n<p><strong><span><span>bez<\/span><\/span><\/strong><\/p>\n<\/td>\n<\/tr>\n<tr>\n<td>\n<p><strong><span><span>18.00 &#8211; 19.00 Uhr<\/span><\/span><\/strong><\/p>\n<\/td>\n<td>&nbsp;<\/td>\n<td>\n<p><strong><span><span>19.00&nbsp; &#8211; 20.00 Uhr<\/span><\/span><\/strong><\/p>\n<\/td>\n<td>&nbsp;<\/td>\n<td>\n<p><strong><span><span>20.00 &#8211; 21.15 Uhr<\/span><\/span><\/strong><\/p>\n<\/td>\n<td>&nbsp;<\/td>\n<\/tr>\n<tr>\n<td>\n<p><span><span>Nina Laub<\/span><\/span><\/p>\n<\/td>\n<td>&nbsp;<\/td>\n<td>\n<p><span><span>Judith Fischer<\/span><\/span><\/p>\n<\/td>\n<td>&nbsp;<\/td>\n<td>\n<p><span><span>Suzanne Faust<\/span><\/span><\/p>\n<\/td>\n<td>&nbsp;<\/td>\n<\/tr>\n<tr>\n<td>\n<p><span><span>Ines Haist<\/span><\/span><\/p>\n<\/td>\n<td>&nbsp;<\/td>\n<td>\n<p><span><span>Nadine Hartmann<\/span><\/span><\/p>\n<\/td>\n<td>&nbsp;<\/td>\n<td>\n<p><span><span>Tamara Koch<\/span><\/span><\/p>\n<\/td>\n<td>&nbsp;<\/td>\n<\/tr>\n<tr>\n<td>\n<p><span><span>Sabine Dunkes (1)<\/span><\/span><\/p>\n<\/td>\n<td>&nbsp;<\/td>\n<td>\n<p><span><span>Elena Kleinhans<\/span><\/span><\/p>\n<\/td>\n<td>&nbsp;<\/td>\n<td>\n<p><span><span>Sabine Dunkes (2)<\/span><\/span><\/p>\n<\/td>\n<td>&nbsp;<\/td>\n<\/tr>\n<tr>\n<td>\n<p><span><span>Nadine Hausmann<\/span><\/span><\/p>\n<\/td>\n<td>&nbsp;<\/td>\n<td>\n<p><span><span>Laura Kirchbauer<\/span><\/span><\/p>\n<\/td>\n<td>&nbsp;<\/td>\n<td>\n<p><span><span>Martina Pfeiffer<\/span><\/span><\/p>\n<\/td>\n<td>&nbsp;<\/td>\n<\/tr>\n<tr>\n<td>\n<p><span><span>Laura Schenk<\/span><\/span><\/p>\n<\/td>\n<td>&nbsp;<\/td>\n<td>\n<p><span><span>Cassandra Fritz<\/span><\/span><\/p>\n<\/td>\n<td>&nbsp;<\/td>\n<td>\n<p><span><span>Ralf Uttler<\/span><\/span><\/p>\n<\/td>\n<td>&nbsp;<\/td>\n<\/tr>\n<tr>\n<td>&nbsp;<\/td>\n<td>&nbsp;<\/td>\n<td>&nbsp;<\/td>\n<td>&nbsp;<\/td>\n<td>\n<p><span><span>Anna Bauer<\/span><\/span><\/p>\n<\/td>\n<td>&nbsp;<\/td>\n<\/tr>\n<\/tbody>\n<\/table>\n<p><em><span>Es wird auf eigene Gefahr, mit ordnungsgem\u00e4\u00dfer Reitkappe und Sicherheitsweste nach <\/span><\/em><\/p>\n<p><em><span>der aktuellen DIN-Norm geritten, die Pferde tragen bitte angemessenen Beinschutz!<\/span><\/em><\/p>\n","protected":false},"excerpt":{"rendered":"<p>Hallo Zusammen, Anbei die Zeiteinteilung f\u00fcr das Vorbereitungstraining zur Pr\u00fcfung #11 Stilspringpr\u00fcfung Kl.A* mit Stechen mit festen Hindernissen bei den Bezirksmeisterschaften 2017 in K\u00f6ngen. Datum: Mittwoch, 20.September 2017 Betreut wird das Training von unserem PSK Beauftragten Vielseitigkeit, Klaus Bauer Den Unkostenbeitrag von 20\u20ac \/ pro Pferd bitte direkt vor Ort bei Klaus Bauer bezahlen Bei [&hellip;]<\/p>\n","protected":false},"author":1,"featured_media":0,"comment_status":"open","ping_status":"open","sticky":false,"template":"","format":"standard","meta":{"_et_pb_use_builder":"","_et_pb_old_content":"","_et_gb_content_width":"","footnotes":""},"categories":[19],"tags":[],"class_list":["post-158","post","type-post","status-publish","format-standard","hentry","category-archiv"],"_links":{"self":[{"href":"https:\/\/psk-stuttgart-esslingen.de\/psk_wp\/wp-json\/wp\/v2\/posts\/158","targetHints":{"allow":["GET"]}}],"collection":[{"href":"https:\/\/psk-stuttgart-esslingen.de\/psk_wp\/wp-json\/wp\/v2\/posts"}],"about":[{"href":"https:\/\/psk-stuttgart-esslingen.de\/psk_wp\/wp-json\/wp\/v2\/types\/post"}],"author":[{"embeddable":true,"href":"https:\/\/psk-stuttgart-esslingen.de\/psk_wp\/wp-json\/wp\/v2\/users\/1"}],"replies":[{"embeddable":true,"href":"https:\/\/psk-stuttgart-esslingen.de\/psk_wp\/wp-json\/wp\/v2\/comments?post=158"}],"version-history":[{"count":0,"href":"https:\/\/psk-stuttgart-esslingen.de\/psk_wp\/wp-json\/wp\/v2\/posts\/158\/revisions"}],"wp:attachment":[{"href":"https:\/\/psk-stuttgart-esslingen.de\/psk_wp\/wp-json\/wp\/v2\/media?parent=158"}],"wp:term":[{"taxonomy":"category","embeddable":true,"href":"https:\/\/psk-stuttgart-esslingen.de\/psk_wp\/wp-json\/wp\/v2\/categories?post=158"},{"taxonomy":"post_tag","embeddable":true,"href":"https:\/\/psk-stuttgart-esslingen.de\/psk_wp\/wp-json\/wp\/v2\/tags?post=158"}],"curies":[{"name":"wp","href":"https:\/\/api.w.org\/{rel}","templated":true}]}}