{"id":164,"date":"2014-08-17T02:00:00","date_gmt":"2014-08-17T00:00:00","guid":{"rendered":"http:\/\/localhost\/psk\/wordpress\/2014\/08\/17\/fahrertag-im-psk-2014\/"},"modified":"2014-08-17T02:00:00","modified_gmt":"2014-08-17T00:00:00","slug":"fahrertag-im-psk-2014","status":"publish","type":"post","link":"https:\/\/psk-stuttgart-esslingen.de\/psk_wp\/2014\/08\/17\/fahrertag-im-psk-2014\/","title":{"rendered":"Fahrertag im PSK 2014"},"content":{"rendered":"<p>Verehrte Fahrsportfreunde,<\/p>\n<p>die Interessengemeinschaft Karragaul e.V.&nbsp; Fahr- und Reitsportverein <br \/>Ostfildern veranstaltet am 07. September 2014 den 13. Fahrertag <br \/>im Scharnhauser Park.<\/p>\n<p>Hierzu laden wir Euch recht herzlich ein!<\/p>\n<p>Im Anhang findet ihr detaillierte Informationen dar\u00fcber.<\/p>\n<p>Wir freuen uns auf Euer Kommen!<\/p>\n<p>Mit freundlichen Fahrergr\u00fc\u00dfen<\/p>\n<p>Wolfram R\u00f6sch<\/p>\n","protected":false},"excerpt":{"rendered":"<p>Verehrte Fahrsportfreunde, die Interessengemeinschaft Karragaul e.V.&nbsp; Fahr- und Reitsportverein Ostfildern veranstaltet am 07. September 2014 den 13. Fahrertag im Scharnhauser Park. Hierzu laden wir Euch recht herzlich ein! Im Anhang findet ihr detaillierte Informationen dar\u00fcber. Wir freuen uns auf Euer Kommen! Mit freundlichen Fahrergr\u00fc\u00dfen Wolfram R\u00f6sch<\/p>\n","protected":false},"author":1,"featured_media":0,"comment_status":"open","ping_status":"open","sticky":false,"template":"","format":"standard","meta":{"_et_pb_use_builder":"","_et_pb_old_content":"","_et_gb_content_width":"","footnotes":""},"categories":[19],"tags":[],"class_list":["post-164","post","type-post","status-publish","format-standard","hentry","category-archiv"],"_links":{"self":[{"href":"https:\/\/psk-stuttgart-esslingen.de\/psk_wp\/wp-json\/wp\/v2\/posts\/164","targetHints":{"allow":["GET"]}}],"collection":[{"href":"https:\/\/psk-stuttgart-esslingen.de\/psk_wp\/wp-json\/wp\/v2\/posts"}],"about":[{"href":"https:\/\/psk-stuttgart-esslingen.de\/psk_wp\/wp-json\/wp\/v2\/types\/post"}],"author":[{"embeddable":true,"href":"https:\/\/psk-stuttgart-esslingen.de\/psk_wp\/wp-json\/wp\/v2\/users\/1"}],"replies":[{"embeddable":true,"href":"https:\/\/psk-stuttgart-esslingen.de\/psk_wp\/wp-json\/wp\/v2\/comments?post=164"}],"version-history":[{"count":0,"href":"https:\/\/psk-stuttgart-esslingen.de\/psk_wp\/wp-json\/wp\/v2\/posts\/164\/revisions"}],"wp:attachment":[{"href":"https:\/\/psk-stuttgart-esslingen.de\/psk_wp\/wp-json\/wp\/v2\/media?parent=164"}],"wp:term":[{"taxonomy":"category","embeddable":true,"href":"https:\/\/psk-stuttgart-esslingen.de\/psk_wp\/wp-json\/wp\/v2\/categories?post=164"},{"taxonomy":"post_tag","embeddable":true,"href":"https:\/\/psk-stuttgart-esslingen.de\/psk_wp\/wp-json\/wp\/v2\/tags?post=164"}],"curies":[{"name":"wp","href":"https:\/\/api.w.org\/{rel}","templated":true}]}}