{"id":168,"date":"2016-08-25T14:11:00","date_gmt":"2016-08-25T12:11:00","guid":{"rendered":"http:\/\/localhost\/psk\/wordpress\/2016\/08\/25\/wuerttembergisches-pferdefestival\/"},"modified":"2016-08-25T14:11:00","modified_gmt":"2016-08-25T12:11:00","slug":"wuerttembergisches-pferdefestival","status":"publish","type":"post","link":"https:\/\/psk-stuttgart-esslingen.de\/psk_wp\/2016\/08\/25\/wuerttembergisches-pferdefestival\/","title":{"rendered":"W\u00fcrttembergisches Pferdefestival"},"content":{"rendered":"<p>Am morgigen Freitag ist der Nennungsschluss f\u00fcr das diesj\u00e4hrige W\u00fcrttembergische PFerdefestival in Blaubeuren. Alle wichtigen Formulare und Infirmationen unter folgendem Link:<\/p>\n<p><a href=\"http:\/\/wpsv.de\/news\/news_full.php?contentID=2257\">http:\/\/wpsv.de\/news\/news_full.php?contentID=2257<\/a><\/p>\n","protected":false},"excerpt":{"rendered":"<p>Am morgigen Freitag ist der Nennungsschluss f\u00fcr das diesj\u00e4hrige W\u00fcrttembergische PFerdefestival in Blaubeuren. Alle wichtigen Formulare und Infirmationen unter folgendem Link: http:\/\/wpsv.de\/news\/news_full.php?contentID=2257<\/p>\n","protected":false},"author":1,"featured_media":0,"comment_status":"open","ping_status":"open","sticky":false,"template":"","format":"standard","meta":{"_et_pb_use_builder":"","_et_pb_old_content":"","_et_gb_content_width":"","footnotes":""},"categories":[19],"tags":[],"class_list":["post-168","post","type-post","status-publish","format-standard","hentry","category-archiv"],"_links":{"self":[{"href":"https:\/\/psk-stuttgart-esslingen.de\/psk_wp\/wp-json\/wp\/v2\/posts\/168","targetHints":{"allow":["GET"]}}],"collection":[{"href":"https:\/\/psk-stuttgart-esslingen.de\/psk_wp\/wp-json\/wp\/v2\/posts"}],"about":[{"href":"https:\/\/psk-stuttgart-esslingen.de\/psk_wp\/wp-json\/wp\/v2\/types\/post"}],"author":[{"embeddable":true,"href":"https:\/\/psk-stuttgart-esslingen.de\/psk_wp\/wp-json\/wp\/v2\/users\/1"}],"replies":[{"embeddable":true,"href":"https:\/\/psk-stuttgart-esslingen.de\/psk_wp\/wp-json\/wp\/v2\/comments?post=168"}],"version-history":[{"count":0,"href":"https:\/\/psk-stuttgart-esslingen.de\/psk_wp\/wp-json\/wp\/v2\/posts\/168\/revisions"}],"wp:attachment":[{"href":"https:\/\/psk-stuttgart-esslingen.de\/psk_wp\/wp-json\/wp\/v2\/media?parent=168"}],"wp:term":[{"taxonomy":"category","embeddable":true,"href":"https:\/\/psk-stuttgart-esslingen.de\/psk_wp\/wp-json\/wp\/v2\/categories?post=168"},{"taxonomy":"post_tag","embeddable":true,"href":"https:\/\/psk-stuttgart-esslingen.de\/psk_wp\/wp-json\/wp\/v2\/tags?post=168"}],"curies":[{"name":"wp","href":"https:\/\/api.w.org\/{rel}","templated":true}]}}