{"id":272,"date":"2018-08-13T07:49:35","date_gmt":"2018-08-13T05:49:35","guid":{"rendered":"http:\/\/localhost\/psk\/wordpress\/2018\/08\/13\/nina-laub-erfolgreich-bei-der-goldenen-schaerpe\/"},"modified":"2018-08-13T07:49:35","modified_gmt":"2018-08-13T05:49:35","slug":"nina-laub-erfolgreich-bei-der-goldenen-schaerpe","status":"publish","type":"post","link":"https:\/\/psk-stuttgart-esslingen.de\/psk_wp\/2018\/08\/13\/nina-laub-erfolgreich-bei-der-goldenen-schaerpe\/","title":{"rendered":"Nina Laub erfolgreich bei der Goldenen Sch\u00e4rpe"},"content":{"rendered":"<p style=\"line-height: 100%; margin-bottom: 0cm;\">Crawinkel\/Th\u00fcringen<\/p>\n<p style=\"line-height: 100%; margin-bottom: 0cm;\">Mit einem neunten Platz im hochkar\u00e4tigen Starterfeld sorgte Nina Laub f\u00fcr eine ordentliche \u00dcberraschung im Baden-W\u00fcrttembergischen Team. Zu der Bundesveranstaltung f\u00fcr Jugendliche U16 &#8211; \u201eGoldene Sch\u00e4rpe\u201c \u2013 entsandten 14 Bundesl\u00e4nder ihre besten Vielseitigkeitsreiter\/-innen zu einem Mannschafts-Leistungsvergleich. F\u00fcr das f\u00fcnfk\u00f6pfige Team Baden-W\u00fcrttemberg II war auch die 15-J\u00e4hrige Nina Laub vom Reit-und Fahrverein Weilheim\/Teck mit ihrer Stute FBW Abrakadabra nominiert. An drei Turniertagen galt es f\u00fcnf Teilpr\u00fcfungen zu absolvieren. Mit der guten Wertnote 8,2 konnte die Juniorin bereits freitags in der Dressur einen soliden Grundstein f\u00fcr ihren sp\u00e4teren Erfolg legen. Auch in der Theorie ( 9,5 ) und auf der Gel\u00e4ndestrecke ( 7,5 ) machte sie ein gutes Bild. Im 2000-Meter-Lauf lief sie als Dritte \u00fcber die Ziellinie und beim Vormustern ihres elfj\u00e4hrigen Pferdes errang sie gar die H\u00f6chstnote 10,0. Obwohl im abschlie\u00dfenden Springparcours leider eine Stange zu Boden fiel, konnte sie sich mit der Endnote 7,1 noch den beachtlichen Top Ten Platz in der Gesamtwertung sichern. Damit lieferte sie das beste Baden-W\u00fcrttembergische Ergebnis dieses Wettbewerbs und wurde daraufhin zum Bundesnachwuchs-Championat U16, das Ende Juli in Warendorf stattfinden wird, nominiert.<\/p>\n<p style=\"line-height: 100%; margin-bottom: 0cm;\">Ninas Mannschaft platzierte sich auf <img loading=\"lazy\" decoding=\"async\" class=\" size-full wp-image-271\" src=\"https:\/\/psk-stuttgart-esslingen.de\/psk_wp\/wp-content\/uploads\/2018\/08\/nina-goldene-Schrpe-2.jpg\" alt=\"\" width=\"1181\" height=\"1772\" \/>Platz 14 von 22.<\/p>\n","protected":false},"excerpt":{"rendered":"<p>Crawinkel\/Th\u00fcringen Mit einem neunten Platz im hochkar\u00e4tigen Starterfeld sorgte Nina Laub f\u00fcr eine ordentliche \u00dcberraschung im Baden-W\u00fcrttembergischen Team. Zu der Bundesveranstaltung f\u00fcr Jugendliche U16 &#8211; \u201eGoldene Sch\u00e4rpe\u201c \u2013 entsandten 14 Bundesl\u00e4nder ihre besten Vielseitigkeitsreiter\/-innen zu einem Mannschafts-Leistungsvergleich. F\u00fcr das f\u00fcnfk\u00f6pfige Team Baden-W\u00fcrttemberg II war auch die 15-J\u00e4hrige Nina Laub vom Reit-und Fahrverein Weilheim\/Teck mit ihrer [&hellip;]<\/p>\n","protected":false},"author":1,"featured_media":271,"comment_status":"open","ping_status":"open","sticky":false,"template":"","format":"standard","meta":{"_et_pb_use_builder":"","_et_pb_old_content":"","_et_gb_content_width":"","footnotes":""},"categories":[13],"tags":[],"class_list":["post-272","post","type-post","status-publish","format-standard","has-post-thumbnail","hentry","category-vielseitigkeit"],"_links":{"self":[{"href":"https:\/\/psk-stuttgart-esslingen.de\/psk_wp\/wp-json\/wp\/v2\/posts\/272","targetHints":{"allow":["GET"]}}],"collection":[{"href":"https:\/\/psk-stuttgart-esslingen.de\/psk_wp\/wp-json\/wp\/v2\/posts"}],"about":[{"href":"https:\/\/psk-stuttgart-esslingen.de\/psk_wp\/wp-json\/wp\/v2\/types\/post"}],"author":[{"embeddable":true,"href":"https:\/\/psk-stuttgart-esslingen.de\/psk_wp\/wp-json\/wp\/v2\/users\/1"}],"replies":[{"embeddable":true,"href":"https:\/\/psk-stuttgart-esslingen.de\/psk_wp\/wp-json\/wp\/v2\/comments?post=272"}],"version-history":[{"count":0,"href":"https:\/\/psk-stuttgart-esslingen.de\/psk_wp\/wp-json\/wp\/v2\/posts\/272\/revisions"}],"wp:featuredmedia":[{"embeddable":true,"href":"https:\/\/psk-stuttgart-esslingen.de\/psk_wp\/wp-json\/wp\/v2\/media\/271"}],"wp:attachment":[{"href":"https:\/\/psk-stuttgart-esslingen.de\/psk_wp\/wp-json\/wp\/v2\/media?parent=272"}],"wp:term":[{"taxonomy":"category","embeddable":true,"href":"https:\/\/psk-stuttgart-esslingen.de\/psk_wp\/wp-json\/wp\/v2\/categories?post=272"},{"taxonomy":"post_tag","embeddable":true,"href":"https:\/\/psk-stuttgart-esslingen.de\/psk_wp\/wp-json\/wp\/v2\/tags?post=272"}],"curies":[{"name":"wp","href":"https:\/\/api.w.org\/{rel}","templated":true}]}}