{"id":276,"date":"2018-08-28T14:21:11","date_gmt":"2018-08-28T12:21:11","guid":{"rendered":"http:\/\/localhost\/psk\/wordpress\/2018\/08\/28\/vs-lehrgang-julien-despontin-august-2018\/"},"modified":"2018-08-28T14:21:11","modified_gmt":"2018-08-28T12:21:11","slug":"vs-lehrgang-julien-despontin-august-2018","status":"publish","type":"post","link":"https:\/\/psk-stuttgart-esslingen.de\/psk_wp\/2018\/08\/28\/vs-lehrgang-julien-despontin-august-2018\/","title":{"rendered":"VS Lehrgang Julien Despontin August 2018"},"content":{"rendered":"<p>Die Begeisterung nimmt nicht ab \u2013 auch dieses Jahr hat Julien Despontin den Weg ein zweites mal zu uns gefunden. Weit \u00fcber 30 Reiter\/innen aus den umliegenden Vereinen haben sich f\u00fcr den VS Lehrgang auf der Anlage des Reit-und Fahrverein Neuffen, sowie der Neuffener Gel\u00e4ndestrecke \u201eViehweide\u201c angemeldet. Der Wettergott hat es nach einer sehr langen D\u00fcrreperiode doch noch gut mit uns gemeint und eine Woche vor dem Lehr<span class=\"text_exposed_hide\">&#8230;<\/span><span class=\"text_exposed_show\">gang ordentlich Regen geschickt, so dass wir am vergangenen Wochenende bei Sonnenschein und guten Bodenverh\u00e4ltnissen auf die Gel\u00e4ndestrecke gehen konnten.<\/span><\/p>\n<div class=\"text_exposed_show\">\n<p>Im Vorfeld zum Lehrgang wurde ein \u201eneuer\u201c Teil der Gel\u00e4ndestrecke von einem kleinen Tr\u00fcppchen flei\u00dfiger Helfer aus dem Dornr\u00f6schenschlaf erweckt, sodass wir auch in diesem Jahr in Verbindung mit unseren sieben PSK\u2013eigenen Hindernissen jeden Tag einen neuen Streckenverlauf &amp; Anspruch gew\u00e4hrleisten konnten.<\/p>\n<p>\u00dcber alle drei Tage hinweg wurde &#8211; vom Anf\u00e4nger bis hin zum M-Reiter &#8211; sowohl in der Dressur als auch beim Springen, flei\u00dfig gearbeitet. Mit seiner direkten aber motivierenden, ausgeglichenen und sehr humorvollen Art hat Julien es geschafft jedes \u201ePferd-Reiter-Team\u201c ein gutes St\u00fcck weiter zu bringen und Tipps f\u00fcr das Training zuhause mitzugeben &#8211; im \u201eBusch\u201c hat er alle mit Mut und Sicherheit, \u00fcber einen dem Leistungsstand angemessenen Kurs geschickt &#8211; sowohl Pferde als auch Reiter sind ein kleines St\u00fcckchen \u00fcber sich hinausgewachsen.<\/p>\n<p>Ganz herzlich bedanken m\u00f6chten wir uns bei Familie M\u00fcnzenmaier und Christa Fahrner, ohne die dieser Lehrgang nicht h\u00e4tte stattfinden k\u00f6nnen &#8211; sowie dem Reit- und Fahrverein Neuffen, Julia Waldenmaier die \u201ebesondere Momente\u201c auf Fotos (Link zu den Bildern) festgehalten hat und all den \u201eHelferlein\u201c die im Vorfeld, im Hintergrund und w\u00e4hrend der Veranstaltung, so flei\u00dfig unterst\u00fctzen!<\/p>\n<p>Ein gro\u00dfes Dankesch\u00f6n an Julien auf den wir uns schon jetzt wieder freuen in 2019!<br \/> Vielen DANK!<\/p>\n<p>&nbsp;<\/p>\n<p><img loading=\"lazy\" decoding=\"async\" class=\" size-full wp-image-275\" src=\"https:\/\/psk-stuttgart-esslingen.de\/psk_wp\/wp-content\/uploads\/2018\/08\/julien.jpg\" alt=\"\" width=\"1371\" height=\"946\" \/><\/p>\n<p>&nbsp;<\/p>\n<\/div>\n","protected":false},"excerpt":{"rendered":"<p>Die Begeisterung nimmt nicht ab \u2013 auch dieses Jahr hat Julien Despontin den Weg ein zweites mal zu uns gefunden. Weit \u00fcber 30 Reiter\/innen aus den umliegenden Vereinen haben sich f\u00fcr den VS Lehrgang auf der Anlage des Reit-und Fahrverein Neuffen, sowie der Neuffener Gel\u00e4ndestrecke \u201eViehweide\u201c angemeldet. Der Wettergott hat es nach einer sehr langen [&hellip;]<\/p>\n","protected":false},"author":1,"featured_media":275,"comment_status":"open","ping_status":"open","sticky":false,"template":"","format":"standard","meta":{"_et_pb_use_builder":"","_et_pb_old_content":"","_et_gb_content_width":"","footnotes":""},"categories":[13],"tags":[],"class_list":["post-276","post","type-post","status-publish","format-standard","has-post-thumbnail","hentry","category-vielseitigkeit"],"_links":{"self":[{"href":"https:\/\/psk-stuttgart-esslingen.de\/psk_wp\/wp-json\/wp\/v2\/posts\/276","targetHints":{"allow":["GET"]}}],"collection":[{"href":"https:\/\/psk-stuttgart-esslingen.de\/psk_wp\/wp-json\/wp\/v2\/posts"}],"about":[{"href":"https:\/\/psk-stuttgart-esslingen.de\/psk_wp\/wp-json\/wp\/v2\/types\/post"}],"author":[{"embeddable":true,"href":"https:\/\/psk-stuttgart-esslingen.de\/psk_wp\/wp-json\/wp\/v2\/users\/1"}],"replies":[{"embeddable":true,"href":"https:\/\/psk-stuttgart-esslingen.de\/psk_wp\/wp-json\/wp\/v2\/comments?post=276"}],"version-history":[{"count":0,"href":"https:\/\/psk-stuttgart-esslingen.de\/psk_wp\/wp-json\/wp\/v2\/posts\/276\/revisions"}],"wp:featuredmedia":[{"embeddable":true,"href":"https:\/\/psk-stuttgart-esslingen.de\/psk_wp\/wp-json\/wp\/v2\/media\/275"}],"wp:attachment":[{"href":"https:\/\/psk-stuttgart-esslingen.de\/psk_wp\/wp-json\/wp\/v2\/media?parent=276"}],"wp:term":[{"taxonomy":"category","embeddable":true,"href":"https:\/\/psk-stuttgart-esslingen.de\/psk_wp\/wp-json\/wp\/v2\/categories?post=276"},{"taxonomy":"post_tag","embeddable":true,"href":"https:\/\/psk-stuttgart-esslingen.de\/psk_wp\/wp-json\/wp\/v2\/tags?post=276"}],"curies":[{"name":"wp","href":"https:\/\/api.w.org\/{rel}","templated":true}]}}