{"id":282,"date":"2018-10-30T15:04:49","date_gmt":"2018-10-30T14:04:49","guid":{"rendered":"http:\/\/localhost\/psk\/wordpress\/2018\/10\/30\/fahrfreuden-bei-sonnenschein\/"},"modified":"2018-10-30T15:04:49","modified_gmt":"2018-10-30T14:04:49","slug":"fahrfreuden-bei-sonnenschein","status":"publish","type":"post","link":"https:\/\/psk-stuttgart-esslingen.de\/psk_wp\/2018\/10\/30\/fahrfreuden-bei-sonnenschein\/","title":{"rendered":"Fahrfreuden bei Sonnenschein"},"content":{"rendered":"<div>&nbsp;<\/div>\n<div>&nbsp;<\/div>\n<div>Extra f\u00fcr unser gro\u00dfes Fahrtrainingswochenende hat der Oktober seine richtig goldene Seite gezeigt. Am Samstag, den 13. und Sonntag den 14. Oktober 2018 lud der Reit- und Fahrverein Filderstadt zu gleich zwei PSK-gef\u00f6rdeten Lehrg\u00e4ngen mit Spitzentrainern ein und die Einladung wurde von Fahrern der ganzen Region freudig angenommen.&nbsp;<\/div>\n<div>Michael Brauchle, der zur aktuellen Weltelite des Viersp\u00e4nnersports z\u00e4hlt, sprang f\u00fcr seine verletzte Mutter ein und so kamen unsere Teilnehmer in den Genuss weltmeisterlichen Trainings aus der Fahrsportdynastie Brauchle.&nbsp;<\/div>\n<div>&nbsp;<\/div>\n<div>Parallel arbeiten Gespanne mit Peter Tischer auf dem zweiten Platz. Der ehemalige deutsche Nationaltrainer aus Neu-Isenburg wirkt in der Fahrsportszene heute aus einer anderen Ecke. Die Fahrsportfamilie Tischer zeigt ihre internationale St\u00e4rke besonders in der Jungpferdeausbildung und durch die starken Auftritte auf den vergangenen Weltmeisterschaften der jungen Fahrpferde.&nbsp;<\/div>\n<div>&nbsp;<\/div>\n<div>Andrea Schuster-Koch, Fahrwartin des gastgebenden Vereins und&nbsp; PSK-Beauftragte Fahren, war zufrieden mit dem harmonischen Abl\u00e4ufen rund um logistisch aufwendigen Veranstaltungen.&nbsp;<\/div>\n<div>Trotz doppelter Auslastung, konnten die Teilnehmer entspannt ihre Gespanne vorbereiten und fokussiert arbeiten.&nbsp;<\/div>\n<div>Kulinarisch verw\u00f6hnt wurden sie dann mittags aus der K\u00f6nnerhand von Andrea und ihren flei\u00dfigen Helfern. Samstagabend gab es beim gemeinsamem Abendessen noch mehr M\u00f6glichkeiten mit den anderen Fahrsportlern ins Gespr\u00e4ch zu kommen. Wir haben uns sehr \u00fcber die interessierten Zuschauer und Besucher gefreut, die bei Kaffee und Kuchen den Gespannen ihre Aufmerksamkeit schenkten.&nbsp;<\/div>\n<div>Vielen Dank an die Trainer f\u00fcr ihre Zeit und ihr Wissen!<\/div>\n<div>Vielen Dank an die flei\u00dfigen H\u00e4nde der Helfer!&nbsp;&nbsp;<\/div>\n<div>Viel Erfolg mit den Hausaufgaben f\u00fcr die Teilnehmer!&nbsp;<\/div>\n<div>&nbsp;<\/div>\n<div>Wir werden auch kommendes Jahr wieder Trainingsm\u00f6glichkeiten f\u00fcr Fahrer bieten und informieren Sie gerne unter:&nbsp;<\/div>\n<div><a href=\"https:\/\/deref-web-02.de\/mail\/client\/l65MruPEd8E\/dereferrer\/?redirectUrl=http%3A%2F%2Fwww.psk-stuttgart-esslingen.de\" target=\"_blank\" rel=\"noopener\"><span style=\"text-decoration: underline;\"><span style=\"color: #0066cc;\">http:\/\/www.psk-stuttgart-esslingen.de<\/span><\/span><\/a><\/div>\n<div><a href=\"https:\/\/deref-web-02.de\/mail\/client\/4MGFxSRSMwM\/dereferrer\/?redirectUrl=http%3A%2F%2Fwww.reitverein-filderstadt.de\" target=\"_blank\" rel=\"noopener\"><span style=\"text-decoration: underline;\"><span style=\"color: #0066cc;\">http:\/\/www.reitverein-filderstadt.de<\/span><\/span><\/a><\/div>\n<div><a href=\"https:\/\/deref-web-02.de\/mail\/client\/NbPzinJlkCo\/dereferrer\/?redirectUrl=http%3A%2F%2Fwww.facebook.com%2Ffahrteamveit\" target=\"_blank\" rel=\"noopener\"><span style=\"text-decoration: underline;\"><span style=\"color: #0066cc;\">http:\/\/www.facebook.com\/fahrteamveit<\/span><\/span><\/a><\/div>\n<div><a href=\"https:\/\/deref-web-02.de\/mail\/client\/RHybFlP9tj4\/dereferrer\/?redirectUrl=http%3A%2F%2Fwww.facebook.com%2FFahrsportler\" target=\"_blank\" rel=\"noopener\"><span style=\"text-decoration: underline;\"><span style=\"color: #0066cc;\">http:\/\/www.facebook.com\/Fahrsportler<\/span><\/span><\/a><\/div>\n<div>&nbsp;<\/div>\n<div><img loading=\"lazy\" decoding=\"async\" class=\" size-full wp-image-281\" src=\"https:\/\/psk-stuttgart-esslingen.de\/psk_wp\/wp-content\/uploads\/2018\/10\/IMG-20181013-WA00851.jpg\" alt=\"\" width=\"1152\" height=\"768\" \/><\/div>\n<div>&nbsp;<\/div>\n<div>&nbsp;<\/div>\n","protected":false},"excerpt":{"rendered":"<p>&nbsp; &nbsp; Extra f\u00fcr unser gro\u00dfes Fahrtrainingswochenende hat der Oktober seine richtig goldene Seite gezeigt. Am Samstag, den 13. und Sonntag den 14. Oktober 2018 lud der Reit- und Fahrverein Filderstadt zu gleich zwei PSK-gef\u00f6rdeten Lehrg\u00e4ngen mit Spitzentrainern ein und die Einladung wurde von Fahrern der ganzen Region freudig angenommen.&nbsp; Michael Brauchle, der zur aktuellen [&hellip;]<\/p>\n","protected":false},"author":1,"featured_media":281,"comment_status":"open","ping_status":"open","sticky":false,"template":"","format":"standard","meta":{"_et_pb_use_builder":"","_et_pb_old_content":"","_et_gb_content_width":"","footnotes":""},"categories":[15],"tags":[],"class_list":["post-282","post","type-post","status-publish","format-standard","has-post-thumbnail","hentry","category-fahren"],"_links":{"self":[{"href":"https:\/\/psk-stuttgart-esslingen.de\/psk_wp\/wp-json\/wp\/v2\/posts\/282","targetHints":{"allow":["GET"]}}],"collection":[{"href":"https:\/\/psk-stuttgart-esslingen.de\/psk_wp\/wp-json\/wp\/v2\/posts"}],"about":[{"href":"https:\/\/psk-stuttgart-esslingen.de\/psk_wp\/wp-json\/wp\/v2\/types\/post"}],"author":[{"embeddable":true,"href":"https:\/\/psk-stuttgart-esslingen.de\/psk_wp\/wp-json\/wp\/v2\/users\/1"}],"replies":[{"embeddable":true,"href":"https:\/\/psk-stuttgart-esslingen.de\/psk_wp\/wp-json\/wp\/v2\/comments?post=282"}],"version-history":[{"count":0,"href":"https:\/\/psk-stuttgart-esslingen.de\/psk_wp\/wp-json\/wp\/v2\/posts\/282\/revisions"}],"wp:featuredmedia":[{"embeddable":true,"href":"https:\/\/psk-stuttgart-esslingen.de\/psk_wp\/wp-json\/wp\/v2\/media\/281"}],"wp:attachment":[{"href":"https:\/\/psk-stuttgart-esslingen.de\/psk_wp\/wp-json\/wp\/v2\/media?parent=282"}],"wp:term":[{"taxonomy":"category","embeddable":true,"href":"https:\/\/psk-stuttgart-esslingen.de\/psk_wp\/wp-json\/wp\/v2\/categories?post=282"},{"taxonomy":"post_tag","embeddable":true,"href":"https:\/\/psk-stuttgart-esslingen.de\/psk_wp\/wp-json\/wp\/v2\/tags?post=282"}],"curies":[{"name":"wp","href":"https:\/\/api.w.org\/{rel}","templated":true}]}}