{"id":289,"date":"2019-01-22T18:28:15","date_gmt":"2019-01-22T17:28:15","guid":{"rendered":"http:\/\/localhost\/psk\/wordpress\/2019\/01\/22\/vielseitigkeitslehrgang-mit-nicolai-aldinger-januar-2019\/"},"modified":"2019-01-22T18:28:15","modified_gmt":"2019-01-22T17:28:15","slug":"vielseitigkeitslehrgang-mit-nicolai-aldinger-januar-2019","status":"publish","type":"post","link":"https:\/\/psk-stuttgart-esslingen.de\/psk_wp\/2019\/01\/22\/vielseitigkeitslehrgang-mit-nicolai-aldinger-januar-2019\/","title":{"rendered":"Vielseitigkeitslehrgang mit Nicolai Aldinger \u2013 Januar 2019"},"content":{"rendered":"<p style=\"line-height: 115%; margin-top: 0.49cm; margin-bottom: 0.49cm;\"><span style=\"color: #000000;\">Auch dieses Jahr haben wir das Vielseitigkeitsjahr im PSK Stuttgart-Esslingen traditionsgem\u00e4\u00df mit <\/span><span style=\"color: #000000;\"><b>Nicolai Aldinger<\/b><\/span><span style=\"color: #000000;\"> auf der Anlage des <\/span><span style=\"color: #000000;\"><b>Reit-und Fahrverein Wernau<\/b><\/span><span style=\"color: #000000;\"> gestartet. Bei klirrender K\u00e4lte, aber zum Gl\u00fcck guten Stra\u00dfenverh\u00e4ltnissen, haben 24 Reiter\/innen den Weg von Nah und Fern zu uns gefunden.<\/span><\/p>\n<p style=\"line-height: 115%; margin-top: 0.49cm; margin-bottom: 0.49cm;\"><span style=\"color: #000000;\">Die insgesamt sieben PSK\u2013 eigenen festen Hindernisse und einiges an Stangenmaterial haben die Reiter\/innen jeden Tag vor neue und kniffelige Aufgaben gestellt. Nach der Winterpause standen Rittigkeit, rhythmisches Reiten und das Reiten von korrekten Wegen auf dem Pr\u00fcfstand. Mit seiner ruhigen, direkten und motivierenden Art hat Nicolai es geschafft jedes \u201ePferd-Reiter-Team\u201c ein St\u00fcck weiter zu bringen und wertvolle Typs f\u00fcr die bevorstehende Turniersaison mit auf den Weg zu geben.<\/span><\/p>\n<p style=\"line-height: 115%; margin-bottom: 0cm;\"><span style=\"color: #000000;\">Das Interesse an weiteren VS Lehrg\u00e4ngen in der Region ist immer sehr gro\u00df, daher \u00fcberlegen wir ob wir zus\u00e4tzlich zu den bereits \u00fcber das PSK Portal buchbaren Lehrg\u00e4ngen in diesem Jahr einen weiteren Lehrgang mit Nicolai im Sommer organisieren \u2013 wir halten euch auf dem Laufenden: <\/span><span style=\"color: #000000;\"> <\/span><a href=\"http:\/\/www.psk-stuttgart-esslingen.de\/psk\/\"><b><span style=\"text-decoration: underline;\"><span style=\"color: #0000ff;\">http:\/\/www.psk-stuttgart-esslingen.de\/psk\/<\/span><\/span><\/b><\/a><\/p>\n<p style=\"line-height: 115%; margin-top: 0.49cm; margin-bottom: 0.49cm;\"><span style=\"color: #000000;\">Wir m\u00f6chten uns ganz herzlich bei all denjenigen bedanken, die f\u00fcr einen reibungslosen Ablauf des Lehrgangswochenende gesorgt haben: dem <\/span><span style=\"color: #000000;\"><b>Reit-und Fahrverein Wernau<\/b><\/span><span style=\"color: #000000;\"> f\u00fcr die Bereitstellung der Anlage, die tolle Bewirtung durch <\/span><span style=\"color: #000000;\"><b>Dieter Aldinger, Fabian &amp; Thomas Gelewski<\/b><\/span><span style=\"color: #000000;\"> die auch dieses Jahr wieder mit \u201eschwerem Ger\u00e4t\u201c zur Verf\u00fcgung standen und nat\u00fcrlich jeder helfenden Hand die im Hintergrund aktiv war. Vielen Dank!<\/span><\/p>\n<p style=\"line-height: 115%; margin-bottom: 0cm;\"><span style=\"color: #000000;\">\u2026 nat\u00fcrlich nicht zu vergessen ein gro\u00dfes Dankesch\u00f6n an <\/span><span style=\"color: #000000;\"><b>Nicolai<\/b><\/span><span style=\"color: #000000;\"> \u2013 wir freuen uns auf den n\u00e4chsten Lehrgang mit dir! Wir sehen uns! <\/span><\/p>\n<p>&nbsp;<\/p>\n<p><img loading=\"lazy\" decoding=\"async\" class=\" size-full wp-image-288\" src=\"https:\/\/psk-stuttgart-esslingen.de\/psk_wp\/wp-content\/uploads\/2019\/01\/Vs-Aldinger.png\" alt=\"\" width=\"1410\" height=\"1021\" \/><\/p>\n<p style=\"text-align: left;\">&nbsp;<\/p>\n","protected":false},"excerpt":{"rendered":"<p>Auch dieses Jahr haben wir das Vielseitigkeitsjahr im PSK Stuttgart-Esslingen traditionsgem\u00e4\u00df mit Nicolai Aldinger auf der Anlage des Reit-und Fahrverein Wernau gestartet. Bei klirrender K\u00e4lte, aber zum Gl\u00fcck guten Stra\u00dfenverh\u00e4ltnissen, haben 24 Reiter\/innen den Weg von Nah und Fern zu uns gefunden. Die insgesamt sieben PSK\u2013 eigenen festen Hindernisse und einiges an Stangenmaterial haben die [&hellip;]<\/p>\n","protected":false},"author":1,"featured_media":288,"comment_status":"open","ping_status":"open","sticky":false,"template":"","format":"standard","meta":{"_et_pb_use_builder":"","_et_pb_old_content":"","_et_gb_content_width":"","footnotes":""},"categories":[13],"tags":[],"class_list":["post-289","post","type-post","status-publish","format-standard","has-post-thumbnail","hentry","category-vielseitigkeit"],"_links":{"self":[{"href":"https:\/\/psk-stuttgart-esslingen.de\/psk_wp\/wp-json\/wp\/v2\/posts\/289","targetHints":{"allow":["GET"]}}],"collection":[{"href":"https:\/\/psk-stuttgart-esslingen.de\/psk_wp\/wp-json\/wp\/v2\/posts"}],"about":[{"href":"https:\/\/psk-stuttgart-esslingen.de\/psk_wp\/wp-json\/wp\/v2\/types\/post"}],"author":[{"embeddable":true,"href":"https:\/\/psk-stuttgart-esslingen.de\/psk_wp\/wp-json\/wp\/v2\/users\/1"}],"replies":[{"embeddable":true,"href":"https:\/\/psk-stuttgart-esslingen.de\/psk_wp\/wp-json\/wp\/v2\/comments?post=289"}],"version-history":[{"count":0,"href":"https:\/\/psk-stuttgart-esslingen.de\/psk_wp\/wp-json\/wp\/v2\/posts\/289\/revisions"}],"wp:featuredmedia":[{"embeddable":true,"href":"https:\/\/psk-stuttgart-esslingen.de\/psk_wp\/wp-json\/wp\/v2\/media\/288"}],"wp:attachment":[{"href":"https:\/\/psk-stuttgart-esslingen.de\/psk_wp\/wp-json\/wp\/v2\/media?parent=289"}],"wp:term":[{"taxonomy":"category","embeddable":true,"href":"https:\/\/psk-stuttgart-esslingen.de\/psk_wp\/wp-json\/wp\/v2\/categories?post=289"},{"taxonomy":"post_tag","embeddable":true,"href":"https:\/\/psk-stuttgart-esslingen.de\/psk_wp\/wp-json\/wp\/v2\/tags?post=289"}],"curies":[{"name":"wp","href":"https:\/\/api.w.org\/{rel}","templated":true}]}}