{"id":297,"date":"2019-02-19T20:39:45","date_gmt":"2019-02-19T19:39:45","guid":{"rendered":"http:\/\/localhost\/psk\/wordpress\/2019\/02\/19\/andreas-ostholt-lehrgang\/"},"modified":"2019-02-19T20:39:45","modified_gmt":"2019-02-19T19:39:45","slug":"andreas-ostholt-lehrgang","status":"publish","type":"post","link":"https:\/\/psk-stuttgart-esslingen.de\/psk_wp\/2019\/02\/19\/andreas-ostholt-lehrgang\/","title":{"rendered":"Andreas Ostholt Lehrgang"},"content":{"rendered":"<p style=\"line-height: 115%; margin-top: 0.49cm; margin-bottom: 0.49cm;\"><span style=\"color: #000000;\">Kurzfristig haben wir die Chance bekommen, den im westf\u00e4lischen Warendorf beheimateten <\/span><span style=\"color: #000000;\"><b>Andreas Ostholt,<\/b><\/span><span style=\"color: #000000;\"> f\u00fcr einen VS Lehrgang gewinnen k\u00f6nnen. Als Sportsoldat und Leiter des Bereichs Pferdesport der Sportschule der Bundeswehr, ist Andreas mit mehreren Pferden erfolgreich im Vielseitigkeitsport unterwegs und war 2016 f\u00fcr den Olympiastart nominiert \u2013 eine ordentliche \u201eAnsage\u201c f\u00fcr den PSK Stuttgart \u2013 Esslingen und seine Reiter!<\/span><\/p>\n<p style=\"line-height: 115%; margin-top: 0.49cm; margin-bottom: 0.49cm;\"><span style=\"color: #000000;\">Mit gemischten Gef\u00fchlen ist Andreas auf die Anlage des Reit-und Fahrverein Neuffen gefahren \u2013 ziemlich klein dieses Neuffen auf der Karte\u2026ganz sch\u00f6n tief im Herzen des \u201eSchwabenl\u00e4ndles\u201c verborgen\u2026hat er mir verraten. <\/span><\/p>\n<p style=\"line-height: 115%; margin-top: 0.49cm; margin-bottom: 0.49cm;\"><span style=\"color: #000000;\">Wiedererwartend konnten wir &#8211; Mitten im Februar &#8211; bei strahlendem Sonnenschein die Hindernisse auf dem gro\u00dfen Au\u00dfenplatz aufbauen. \u00dcber 20 Teilnehmer sind gespannt und voller Erwartungen aus den umliegenden Vereinen \u2013 von nah und fern \u2013 angereist, um sich Tipps beim Profi abzuholen. Und es gab nicht nur Tipps\u2026neben Lob und konstruktiver Kritik haben sich ganz neue Dimensionen an \u201eWegen\u201c, die es zu reiten galt, ergeben. Mit viel Ruhe und \u00dcbersicht hat sich jede Gruppe, dem Leistungsstand entsprechend, den t\u00e4glich wechselnden Aufgaben mit Erfolg gestellt.<\/span><\/p>\n<p style=\"line-height: 115%; margin-top: 0.49cm; margin-bottom: 0.49cm;\"><span style=\"color: #000000;\">Das Res\u00fcmee des Profis<\/span><span style=\"color: #000000;\"><i>: <\/i><\/span><span style=\"color: #000000;\"><i><b>\u201eDas war sehr viel besser als erwartet! Es hat mir wirklich sehr viel Spa\u00df mit Euch gemacht\u201c<\/b><\/i><\/span><span style=\"color: #000000;\"><i>\u2026<\/i><\/span><span style=\"color: #000000;\">ich finde wir k\u00f6nnen stolz sein!<\/span><\/p>\n<p style=\"line-height: 115%; margin-top: 0.49cm; margin-bottom: 0.49cm;\"><a name=\"_GoBack\"><\/a> <span style=\"color: #000000;\">Wir m\u00f6chten uns ganz herzlich bei all denjenigen bedanken, die f\u00fcr einen reibungslosen Ablauf des Lehrgangswochenendes gesorgt haben: dem <\/span><span style=\"color: #000000;\"><b>Reit-und Fahrverein Neuffen<\/b><\/span><span style=\"color: #000000;\"> f\u00fcr die Bereitstellung der Anlage und die Bewirtung<\/span><span style=\"color: #000000;\"><b>, Christa Fahrner<\/b><\/span><span style=\"color: #000000;\"> die wie immer mit \u201eschwerem Ger\u00e4t\u201c zur Verf\u00fcgung stand, sowie nat\u00fcrlich jeder helfenden Hand die im Hintergrund aktiv war. Vielen Dank!<\/span><\/p>\n<p style=\"line-height: 115%; margin-bottom: 0cm;\"><span style=\"color: #000000;\">\u2026und nat\u00fcrlich ein gro\u00dfes Dankesch\u00f6n an <\/span><span style=\"color: #000000;\"><b>Andreas<\/b><\/span><span style=\"color: #000000;\"> &#8211; wir hoffen, dass du wiederkommst!<\/span><\/p>\n<p>&nbsp;<\/p>\n<p>Weitere Bilder finden sich in der Galerie von Julia Waldenmaier unter folgendem Link:<\/p>\n<p><a href=\"https:\/\/www.pictrs.com\/jw-fotografie\/1880332?fbclid=IwAR0cJlSY8xSl2kmDzniNJK5Tw2G1RJ51Mgzo2kdlT9oQSKZbke9CGYb4HZE&amp;l=de\">https:\/\/www.pictrs.com\/jw-fotografie\/1880332?fbclid=IwAR0cJlSY8xSl2kmDzniNJK5Tw2G1RJ51Mgzo2kdlT9oQSKZbke9CGYb4HZE&amp;l=de<\/a><\/p>\n<p>&nbsp;<\/p>\n<p><img loading=\"lazy\" decoding=\"async\" class=\" size-full wp-image-296\" src=\"https:\/\/psk-stuttgart-esslingen.de\/psk_wp\/wp-content\/uploads\/2019\/02\/Ostholt-VS19.jpg\" alt=\"\" width=\"5568\" height=\"3712\" \/><\/p>\n","protected":false},"excerpt":{"rendered":"<p>Kurzfristig haben wir die Chance bekommen, den im westf\u00e4lischen Warendorf beheimateten Andreas Ostholt, f\u00fcr einen VS Lehrgang gewinnen k\u00f6nnen. Als Sportsoldat und Leiter des Bereichs Pferdesport der Sportschule der Bundeswehr, ist Andreas mit mehreren Pferden erfolgreich im Vielseitigkeitsport unterwegs und war 2016 f\u00fcr den Olympiastart nominiert \u2013 eine ordentliche \u201eAnsage\u201c f\u00fcr den PSK Stuttgart \u2013 [&hellip;]<\/p>\n","protected":false},"author":1,"featured_media":296,"comment_status":"open","ping_status":"open","sticky":false,"template":"","format":"standard","meta":{"_et_pb_use_builder":"","_et_pb_old_content":"","_et_gb_content_width":"","footnotes":""},"categories":[13],"tags":[],"class_list":["post-297","post","type-post","status-publish","format-standard","has-post-thumbnail","hentry","category-vielseitigkeit"],"_links":{"self":[{"href":"https:\/\/psk-stuttgart-esslingen.de\/psk_wp\/wp-json\/wp\/v2\/posts\/297","targetHints":{"allow":["GET"]}}],"collection":[{"href":"https:\/\/psk-stuttgart-esslingen.de\/psk_wp\/wp-json\/wp\/v2\/posts"}],"about":[{"href":"https:\/\/psk-stuttgart-esslingen.de\/psk_wp\/wp-json\/wp\/v2\/types\/post"}],"author":[{"embeddable":true,"href":"https:\/\/psk-stuttgart-esslingen.de\/psk_wp\/wp-json\/wp\/v2\/users\/1"}],"replies":[{"embeddable":true,"href":"https:\/\/psk-stuttgart-esslingen.de\/psk_wp\/wp-json\/wp\/v2\/comments?post=297"}],"version-history":[{"count":0,"href":"https:\/\/psk-stuttgart-esslingen.de\/psk_wp\/wp-json\/wp\/v2\/posts\/297\/revisions"}],"wp:featuredmedia":[{"embeddable":true,"href":"https:\/\/psk-stuttgart-esslingen.de\/psk_wp\/wp-json\/wp\/v2\/media\/296"}],"wp:attachment":[{"href":"https:\/\/psk-stuttgart-esslingen.de\/psk_wp\/wp-json\/wp\/v2\/media?parent=297"}],"wp:term":[{"taxonomy":"category","embeddable":true,"href":"https:\/\/psk-stuttgart-esslingen.de\/psk_wp\/wp-json\/wp\/v2\/categories?post=297"},{"taxonomy":"post_tag","embeddable":true,"href":"https:\/\/psk-stuttgart-esslingen.de\/psk_wp\/wp-json\/wp\/v2\/tags?post=297"}],"curies":[{"name":"wp","href":"https:\/\/api.w.org\/{rel}","templated":true}]}}