{"id":311,"date":"2019-08-26T11:17:07","date_gmt":"2019-08-26T09:17:07","guid":{"rendered":"http:\/\/localhost\/psk\/wordpress\/2019\/08\/26\/lehrgaenge-filderstadt\/"},"modified":"2019-08-26T11:17:07","modified_gmt":"2019-08-26T09:17:07","slug":"lehrgaenge-filderstadt","status":"publish","type":"post","link":"https:\/\/psk-stuttgart-esslingen.de\/psk_wp\/2019\/08\/26\/lehrgaenge-filderstadt\/","title":{"rendered":"!Abgesagt! Lehrg\u00e4nge Filderstadt"},"content":{"rendered":"<p>!AUFRGRUND ZU GERINGER TEILNEHMERZAHLEN SIND BEIDE LEHRG\u00c4NGE ABGESAGT!<\/p>\n<p>In der ersten Septemberwoche finden im RFV Filderstadt zwei Lehrg\u00e4nge statt. Zum Einen ein Schnupperkurs im Bereich &#8222;Fahren&#8220;, zum Anderen ein Basispass.<\/p>\n<p>N\u00e4here Infos zu den Kursen und zur Anmeldung k\u00f6nnen unter folgenden Adressen erfragt werden.<\/p>\n<div style=\"left: 358.3px; top: 1217.42px; font-family: sans-serif; font-size: 29.99px;\">Andrea Schuster-Koch<\/div>\n<div style=\"left: 324.3px; top: 1254.22px; font-family: sans-serif; font-size: 29.99px;\">Tel. 01729967532 ab 16 Uhr<\/div>\n<div style=\"left: 258.53px; top: 1291.02px; font-family: sans-serif; font-size: 29.99px;\">Mail: <a href=\"mailto:andrea.schusterkoch@gmail.com\">andrea.schusterkoch@gmail.com<\/a><\/div>\n<p>&nbsp;<\/p>\n","protected":false},"excerpt":{"rendered":"<p>!AUFRGRUND ZU GERINGER TEILNEHMERZAHLEN SIND BEIDE LEHRG\u00c4NGE ABGESAGT! In der ersten Septemberwoche finden im RFV Filderstadt zwei Lehrg\u00e4nge statt. Zum Einen ein Schnupperkurs im Bereich &#8222;Fahren&#8220;, zum Anderen ein Basispass. N\u00e4here Infos zu den Kursen und zur Anmeldung k\u00f6nnen unter folgenden Adressen erfragt werden. Andrea Schuster-Koch Tel. 01729967532 ab 16 Uhr Mail: andrea.schusterkoch@gmail.com &nbsp;<\/p>\n","protected":false},"author":1,"featured_media":0,"comment_status":"open","ping_status":"open","sticky":false,"template":"","format":"standard","meta":{"_et_pb_use_builder":"","_et_pb_old_content":"","_et_gb_content_width":"","footnotes":""},"categories":[15],"tags":[],"class_list":["post-311","post","type-post","status-publish","format-standard","hentry","category-fahren"],"_links":{"self":[{"href":"https:\/\/psk-stuttgart-esslingen.de\/psk_wp\/wp-json\/wp\/v2\/posts\/311","targetHints":{"allow":["GET"]}}],"collection":[{"href":"https:\/\/psk-stuttgart-esslingen.de\/psk_wp\/wp-json\/wp\/v2\/posts"}],"about":[{"href":"https:\/\/psk-stuttgart-esslingen.de\/psk_wp\/wp-json\/wp\/v2\/types\/post"}],"author":[{"embeddable":true,"href":"https:\/\/psk-stuttgart-esslingen.de\/psk_wp\/wp-json\/wp\/v2\/users\/1"}],"replies":[{"embeddable":true,"href":"https:\/\/psk-stuttgart-esslingen.de\/psk_wp\/wp-json\/wp\/v2\/comments?post=311"}],"version-history":[{"count":0,"href":"https:\/\/psk-stuttgart-esslingen.de\/psk_wp\/wp-json\/wp\/v2\/posts\/311\/revisions"}],"wp:attachment":[{"href":"https:\/\/psk-stuttgart-esslingen.de\/psk_wp\/wp-json\/wp\/v2\/media?parent=311"}],"wp:term":[{"taxonomy":"category","embeddable":true,"href":"https:\/\/psk-stuttgart-esslingen.de\/psk_wp\/wp-json\/wp\/v2\/categories?post=311"},{"taxonomy":"post_tag","embeddable":true,"href":"https:\/\/psk-stuttgart-esslingen.de\/psk_wp\/wp-json\/wp\/v2\/tags?post=311"}],"curies":[{"name":"wp","href":"https:\/\/api.w.org\/{rel}","templated":true}]}}