{"id":325,"date":"2020-02-16T17:40:14","date_gmt":"2020-02-16T16:40:14","guid":{"rendered":"http:\/\/localhost\/psk\/wordpress\/2020\/02\/16\/vielseitigkeitslehrgang-mit-nicolai-aldinger-08-09-februar-2020\/"},"modified":"2020-02-16T17:40:14","modified_gmt":"2020-02-16T16:40:14","slug":"vielseitigkeitslehrgang-mit-nicolai-aldinger-08-09-februar-2020","status":"publish","type":"post","link":"https:\/\/psk-stuttgart-esslingen.de\/psk_wp\/2020\/02\/16\/vielseitigkeitslehrgang-mit-nicolai-aldinger-08-09-februar-2020\/","title":{"rendered":"Vielseitigkeitslehrgang mit Nicolai Aldinger \u2013 08.\/09. Februar 2020"},"content":{"rendered":"<p style=\"line-height: 0.55cm; margin-bottom: 0.49cm;\"><span style=\"font-family: Times New Roman, serif;\"><span style=\"font-size: medium;\"><span style=\"color: #333333;\"><span style=\"font-family: Tahoma, serif;\"><b>Vielseitigkeitslehrgang mit Nicolai Aldinger \u2013 08.\/09. Februar 2020<\/b><\/span><\/span><\/span><\/span><\/p>\n<p style=\"line-height: 115%; margin-top: 0.49cm; margin-bottom: 0.49cm;\"><span style=\"color: #000000;\">Sturmtief \u201eSabine\u201c war orkanartig angek\u00fcndigt\u2026Nicolai Aldinger ist gekommen <\/span>?<span style=\"color: #000000;\"> <\/span><\/p>\n<p style=\"line-height: 115%; margin-top: 0.49cm; margin-bottom: 0.49cm;\"><span style=\"color: #000000;\">Wie immer haben wir das Vielseitigkeitsjahr im PSK Stuttgart-Esslingen mit einem \u201e<\/span><span style=\"color: #000000;\"><b>Aldinger-Lehrgang<\/b><\/span><span style=\"color: #000000;\">\u201c begonnen. Dieses Jahr in einer ganz besonderen Konstellation, in einer Kooperation mit dem Reit-und Fahrverein G\u00f6ppingen. Wir freuen uns \u00fcber die \u201ePSK \u2013 grenz\u00fcbergreifende\u201c Zusammenarbeit. Wir waren auf der Suche nach einer geeigneten Reitanlage, der RFV G\u00f6ppingen war auf der Suche nach einem Trainer: eine Win-Win Situation f\u00fcr alle! Vor allem f\u00fcr die zahlreichen Reiterinnen!<\/span><\/p>\n<p style=\"line-height: 115%; margin-top: 0.49cm; margin-bottom: 0.49cm;\"><span style=\"color: #000000;\">In der gro\u00dfen Reithalle des Vereins konnten wir an beiden Lehrgangstagen einen anspruchsvollen, abwechslungsreichen und teilweise auch kniffligen Parcours stellen, der jetzt nach der Winterpause Rittigkeit, rhythmisches Reiten und das Reiten von korrekten Wegen auf dem Pr\u00fcfstand stellte. Egal ob Schulpferdereiter oder CCI2*-S Reiter, Nicolai konnte jedem \u201ePferd-Reiter-Team\u201c wertvolle Tipps mit an die Hand geben.<\/span><\/p>\n<p style=\"line-height: 115%; margin-top: 0.49cm; margin-bottom: 0.49cm;\"><span style=\"color: #000000;\">Es hat uns besonders gefreut, dass insgesamt 4 Schulpferde des Vereins mit an den \u201eStart\u201c gehen durften, mit sichtbar viel Freude und Spa\u00df an der Sache haben sie ihre Aufgaben \u201ehervorragen gemeistert\u201c, lobte der Trainer.<\/span><\/p>\n<p style=\"line-height: 115%; margin-top: 0.49cm; margin-bottom: 0.49cm;\"><span style=\"color: #000000;\">Wir m\u00f6chten uns ganz herzlich bei all denjenigen bedanken, die f\u00fcr einen reibungslosen Ablauf des Lehrgangswochenende gesorgt haben: dem <\/span><span style=\"color: #000000;\"><b>Reit-und Fahrverein G\u00f6ppingen<\/b><\/span><span style=\"color: #000000;\"> f\u00fcr die Bereitstellung der Anlage, dem Team, das unter anderem mit \u201eschwerem Ger\u00e4t\u201c zur Verf\u00fcgung standen, der Fotografin <\/span><span style=\"color: #000000;\"><b>Julia Waldenmaier <\/b><\/span><span style=\"color: #000000;\">die \u201e<\/span><span style=\"color: #000000;\"><i>besondere Momente<\/i><\/span><span style=\"color: #000000;\">\u201c auf Fotos (<\/span><a href=\"https:\/\/jw-fotografie.com\/vielseitigkeits-lehrgang-bei-nicolai-aldinger-im-rfv-goeppingen-bilder-nun-online\"><span style=\"text-decoration: underline;\"><span style=\"color: #0000ff;\">Link<\/span><\/span><\/a><span style=\"color: #000000;\"> zu den Bildern) festgehalten hat<\/span><span style=\"color: #000000;\"> und nat\u00fcrlich jeder helfenden Hand die im Hintergrund aktiv war. Vielen Dank!<\/span><\/p>\n<p style=\"line-height: 115%; margin-bottom: 0cm;\"><span style=\"color: #000000;\">\u2026 nat\u00fcrlich nicht zu vergessen ein gro\u00dfes Dankesch\u00f6n an <\/span><span style=\"color: #000000;\"><b>Nicolai<\/b><\/span><span style=\"color: #000000;\"> \u2013 wir freuen uns auf den n\u00e4chsten Lehrgang mit dir! Bis bald! <\/span><\/p>\n<p>&nbsp;<\/p>\n<p><img loading=\"lazy\" decoding=\"async\" class=\" size-full wp-image-324\" src=\"https:\/\/psk-stuttgart-esslingen.de\/psk_wp\/wp-content\/uploads\/2020\/02\/Bild_Vielseitigkeit_8.-9.2.20.jpg\" alt=\"Bild Vielseitigkeit 8. 9.2.20\" width=\"1317\" height=\"741\" \/><\/p>\n<p style=\"line-height: 115%; margin-top: 0.49cm; margin-bottom: 0.49cm;\"><span style=\"color: #000000;\">Das Interesse an VS Lehrg\u00e4ngen in der Region ist immer sehr gro\u00df. Alle geplanten Termine k\u00f6nnen wie gewohnt \u00fcber das Portal gebucht werden: <\/span><span style=\"color: #000000;\"> <\/span><a href=\"http:\/\/www.psk-stuttgart-esslingen.de\/psk\/\"><b><span style=\"text-decoration: underline;\"><span style=\"color: #0000ff;\">http:\/\/www.psk-stuttgart-esslingen.de\/psk\/<\/span><\/span><\/b><\/a><span style=\"color: #000000;\"> <\/span><\/p>\n","protected":false},"excerpt":{"rendered":"<p>Vielseitigkeitslehrgang mit Nicolai Aldinger \u2013 08.\/09. Februar 2020 Sturmtief \u201eSabine\u201c war orkanartig angek\u00fcndigt\u2026Nicolai Aldinger ist gekommen ? Wie immer haben wir das Vielseitigkeitsjahr im PSK Stuttgart-Esslingen mit einem \u201eAldinger-Lehrgang\u201c begonnen. Dieses Jahr in einer ganz besonderen Konstellation, in einer Kooperation mit dem Reit-und Fahrverein G\u00f6ppingen. Wir freuen uns \u00fcber die \u201ePSK \u2013 grenz\u00fcbergreifende\u201c Zusammenarbeit. Wir [&hellip;]<\/p>\n","protected":false},"author":1,"featured_media":324,"comment_status":"open","ping_status":"open","sticky":false,"template":"","format":"standard","meta":{"_et_pb_use_builder":"","_et_pb_old_content":"","_et_gb_content_width":"","footnotes":""},"categories":[13],"tags":[],"class_list":["post-325","post","type-post","status-publish","format-standard","has-post-thumbnail","hentry","category-vielseitigkeit"],"_links":{"self":[{"href":"https:\/\/psk-stuttgart-esslingen.de\/psk_wp\/wp-json\/wp\/v2\/posts\/325","targetHints":{"allow":["GET"]}}],"collection":[{"href":"https:\/\/psk-stuttgart-esslingen.de\/psk_wp\/wp-json\/wp\/v2\/posts"}],"about":[{"href":"https:\/\/psk-stuttgart-esslingen.de\/psk_wp\/wp-json\/wp\/v2\/types\/post"}],"author":[{"embeddable":true,"href":"https:\/\/psk-stuttgart-esslingen.de\/psk_wp\/wp-json\/wp\/v2\/users\/1"}],"replies":[{"embeddable":true,"href":"https:\/\/psk-stuttgart-esslingen.de\/psk_wp\/wp-json\/wp\/v2\/comments?post=325"}],"version-history":[{"count":0,"href":"https:\/\/psk-stuttgart-esslingen.de\/psk_wp\/wp-json\/wp\/v2\/posts\/325\/revisions"}],"wp:featuredmedia":[{"embeddable":true,"href":"https:\/\/psk-stuttgart-esslingen.de\/psk_wp\/wp-json\/wp\/v2\/media\/324"}],"wp:attachment":[{"href":"https:\/\/psk-stuttgart-esslingen.de\/psk_wp\/wp-json\/wp\/v2\/media?parent=325"}],"wp:term":[{"taxonomy":"category","embeddable":true,"href":"https:\/\/psk-stuttgart-esslingen.de\/psk_wp\/wp-json\/wp\/v2\/categories?post=325"},{"taxonomy":"post_tag","embeddable":true,"href":"https:\/\/psk-stuttgart-esslingen.de\/psk_wp\/wp-json\/wp\/v2\/tags?post=325"}],"curies":[{"name":"wp","href":"https:\/\/api.w.org\/{rel}","templated":true}]}}