{"id":3729,"date":"2025-12-01T23:09:12","date_gmt":"2025-12-01T22:09:12","guid":{"rendered":"https:\/\/psk-stuttgart-esslingen.de\/psk_wp\/?p=3729"},"modified":"2025-12-07T12:57:13","modified_gmt":"2025-12-07T11:57:13","slug":"es-werden-veranstalter-und-mannschaften-fuer-den-wpsv-schulpferdecup-mit-geplantem-finale-im-rahmen-des-landwirtschaftlichen-hauptfests-auf-dem-cannstatter-wasen-am-27-09-2026-gesucht","status":"publish","type":"post","link":"https:\/\/psk-stuttgart-esslingen.de\/psk_wp\/2025\/12\/01\/es-werden-veranstalter-und-mannschaften-fuer-den-wpsv-schulpferdecup-mit-geplantem-finale-im-rahmen-des-landwirtschaftlichen-hauptfests-auf-dem-cannstatter-wasen-am-27-09-2026-gesucht\/","title":{"rendered":"Es werden Veranstalter und Mannschaften f\u00fcr den WPSV-Schulpferdecup mit geplantem Finale im Rahmen des Landwirtschaftlichen Hauptfests auf dem Cannstatter Wasen am 27.09.2026 gesucht."},"content":{"rendered":"<p>[et_pb_section fb_built=&#8220;1&#8243; _builder_version=&#8220;4.16&#8243; global_colors_info=&#8220;{}&#8220;][et_pb_row _builder_version=&#8220;4.16&#8243; background_size=&#8220;initial&#8220; background_position=&#8220;top_left&#8220; background_repeat=&#8220;repeat&#8220; global_colors_info=&#8220;{}&#8220;][et_pb_column type=&#8220;4_4&#8243; _builder_version=&#8220;4.16&#8243; custom_padding=&#8220;|||&#8220; global_colors_info=&#8220;{}&#8220; custom_padding__hover=&#8220;|||&#8220;][et_pb_text _builder_version=&#8220;4.27.4&#8243; background_size=&#8220;initial&#8220; background_position=&#8220;top_left&#8220; background_repeat=&#8220;repeat&#8220; custom_padding=&#8220;8px|||||&#8220; global_colors_info=&#8220;{}&#8220;]<\/p>\n<p style=\"text-align: left;\"><!-- divi:paragraph -->\u00a0Worum es geht:<\/p>\n<p style=\"text-align: left;\">&#8211; CUP nur f\u00fcr Schulpferde<br \/>&#8211; Mannschaft besteht aus einem F\u00fchrz\u00fcgelkind (unter 10 Jahren) und drei Jugendlichen (bis 18 Jahre)<br \/>&#8211; Eine Mannschaft (und die Pferde) kann mit einem PKW und einem Pferdeanh\u00e4nger transportiert werden<br \/>&#8211; Ein Verein\/Betrieb kann mehrere Mannschaften entsenden<br \/>&#8211; 5 einfache Wettbewerbe zu reiten<br \/>&#8211; Finale beim Landwirtschaftlichen Hauptfest 2026 auf dem Cannstatter Wasen am 27.09.26 geplant<br \/>&#8211; Mindestens zwei Vereine f\u00fcr ein Qualifikationsturnier vor dem 10.04.2026 gesucht<br \/>&#8211; Bewerbungsfrist: Ende 2025 f\u00fcr Vereine mit Interesse f\u00fcr die Ausrichtung der Qualifikationsturniere<\/p>\n<p style=\"text-align: left;\"><!-- \/divi:paragraph --><\/p>\n<p style=\"text-align: left;\"><!-- divi:paragraph -->\u00a0Interesse? Dann melden Sie sich gerne f\u00fcr eine detaillierte Abstimmung unter <a href=\"mailto:info@psk-stuttgart-esslingen.de\">info@psk-stuttgart-esslingen.de<\/a> oder unter 0151-61061079.<\/p>\n<p>&nbsp;<\/p>\n<p><!-- \/divi:paragraph --><\/p>\n<p>&nbsp;<\/p>\n<p><!-- \/divi:paragraph --><\/p>\n<p>&nbsp;<\/p>\n<p><!-- \/divi:paragraph -->[\/et_pb_text][\/et_pb_column][\/et_pb_row][\/et_pb_section]<\/p>\n","protected":false},"excerpt":{"rendered":"<p>\u00a0Worum es geht: &#8211; CUP nur f\u00fcr Schulpferde- Mannschaft besteht aus einem F\u00fchrz\u00fcgelkind (unter 10 Jahren) und drei Jugendlichen (bis 18 Jahre)- Eine Mannschaft (und die Pferde) kann mit einem PKW und einem Pferdeanh\u00e4nger transportiert werden- Ein Verein\/Betrieb kann mehrere Mannschaften entsenden- 5 einfache Wettbewerbe zu reiten- Finale beim Landwirtschaftlichen Hauptfest 2026 auf dem Cannstatter [&hellip;]<\/p>\n","protected":false},"author":3,"featured_media":3737,"comment_status":"open","ping_status":"open","sticky":false,"template":"","format":"standard","meta":{"_et_pb_use_builder":"on","_et_pb_old_content":"<!-- wp:paragraph -->\n<p><\/p>\n<!-- \/wp:paragraph -->\n\n<!-- wp:paragraph -->\n<p><\/p>\n<!-- \/wp:paragraph -->\n\n<!-- wp:paragraph -->\n<p><\/p>\n<!-- \/wp:paragraph -->\n\n<!-- wp:paragraph -->\n<p><\/p>\n<!-- \/wp:paragraph -->\n\n<!-- wp:paragraph -->\n<p><\/p>\n<!-- \/wp:paragraph -->\n\n<p><a href=\"https:\/\/psk-stuttgart-esslingen.de\/psk_wp\/lehrgangsportal\/\">Hier geht's zum Lehrgangsportal.<\/a><\/p>\n<\/p>","_et_gb_content_width":"","footnotes":""},"categories":[16,17],"tags":[117,120,118,119],"class_list":["post-3729","post","type-post","status-publish","format-standard","has-post-thumbnail","hentry","category-breitensport","category-information-allgemein","tag-breitensport","tag-cup","tag-schulpferde","tag-wpsv"],"_links":{"self":[{"href":"https:\/\/psk-stuttgart-esslingen.de\/psk_wp\/wp-json\/wp\/v2\/posts\/3729","targetHints":{"allow":["GET"]}}],"collection":[{"href":"https:\/\/psk-stuttgart-esslingen.de\/psk_wp\/wp-json\/wp\/v2\/posts"}],"about":[{"href":"https:\/\/psk-stuttgart-esslingen.de\/psk_wp\/wp-json\/wp\/v2\/types\/post"}],"author":[{"embeddable":true,"href":"https:\/\/psk-stuttgart-esslingen.de\/psk_wp\/wp-json\/wp\/v2\/users\/3"}],"replies":[{"embeddable":true,"href":"https:\/\/psk-stuttgart-esslingen.de\/psk_wp\/wp-json\/wp\/v2\/comments?post=3729"}],"version-history":[{"count":10,"href":"https:\/\/psk-stuttgart-esslingen.de\/psk_wp\/wp-json\/wp\/v2\/posts\/3729\/revisions"}],"predecessor-version":[{"id":3880,"href":"https:\/\/psk-stuttgart-esslingen.de\/psk_wp\/wp-json\/wp\/v2\/posts\/3729\/revisions\/3880"}],"wp:featuredmedia":[{"embeddable":true,"href":"https:\/\/psk-stuttgart-esslingen.de\/psk_wp\/wp-json\/wp\/v2\/media\/3737"}],"wp:attachment":[{"href":"https:\/\/psk-stuttgart-esslingen.de\/psk_wp\/wp-json\/wp\/v2\/media?parent=3729"}],"wp:term":[{"taxonomy":"category","embeddable":true,"href":"https:\/\/psk-stuttgart-esslingen.de\/psk_wp\/wp-json\/wp\/v2\/categories?post=3729"},{"taxonomy":"post_tag","embeddable":true,"href":"https:\/\/psk-stuttgart-esslingen.de\/psk_wp\/wp-json\/wp\/v2\/tags?post=3729"}],"curies":[{"name":"wp","href":"https:\/\/api.w.org\/{rel}","templated":true}]}}